{"id":12412,"date":"2025-10-27T13:28:25","date_gmt":"2025-10-27T12:28:25","guid":{"rendered":"https:\/\/drugagimnazija.hr\/?p=12412"},"modified":"2025-10-27T13:50:41","modified_gmt":"2025-10-27T12:50:41","slug":"suradnja-s-francuskim-veleposlanstvom","status":"publish","type":"post","link":"https:\/\/drugagimnazija.hr\/?p=12412","title":{"rendered":"Suradnja s Francuskim veleposlanstvom"},"content":{"rendered":"\n<p>U petak, 10. listopada, na\u0161u je \u0161kolu posjetila gospo\u0111a Lucile Chapiro, novi ata\u0161e za jezi\u010dnu i obrazovnu suradnju pri Francuskom veleposlanstvu u Hrvatskoj koja je preuzela du\u017enost od g. Benoita Le Devedeca.<\/p>\n\n\n\n<p>Na sastanku s na\u0161om profesoricom Mar\u0111oki\u0107, gospo\u0111a Chapiro upoznala se s radom i aktivnostima II. gimnazije te nam je predala plo\u010du \u0161kole-partnera DELF scolaire. Razgovaralo se o trenutnom stanju francuskog jezika u \u0161koli i o dosada\u0161njim i budu\u0107im zajedni\u010dkim projektima II. gimnazije i Francuskog veleposlanstva u Hrvatskoj te o unapre\u0111enju vrlo uspje\u0161ne suradnje.<\/p>\n\n\n\n<p>Puno uspjeha u radu \u017eelimo gospo\u0111i Chapiro i na\u0161oj profesorici Mar\u0111oki\u0107, a posebno se veselimo budu\u0107oj suradnji! \ud83d\udc97<\/p>\n\n\n\n<figure class=\"wp-block-image size-large is-resized\"><img loading=\"lazy\" decoding=\"async\" width=\"461\" height=\"1024\" src=\"https:\/\/drugagimnazija.hr\/wp-content\/uploads\/2025\/10\/WhatsApp-Image-2025-10-27-at-12.27.38-461x1024.jpeg\" alt=\"\" class=\"wp-image-12414\" style=\"width:471px;height:auto\" srcset=\"https:\/\/drugagimnazija.hr\/wp-content\/uploads\/2025\/10\/WhatsApp-Image-2025-10-27-at-12.27.38-461x1024.jpeg 461w, https:\/\/drugagimnazija.hr\/wp-content\/uploads\/2025\/10\/WhatsApp-Image-2025-10-27-at-12.27.38-135x300.jpeg 135w, https:\/\/drugagimnazija.hr\/wp-content\/uploads\/2025\/10\/WhatsApp-Image-2025-10-27-at-12.27.38-768x1707.jpeg 768w, https:\/\/drugagimnazija.hr\/wp-content\/uploads\/2025\/10\/WhatsApp-Image-2025-10-27-at-12.27.38-691x1536.jpeg 691w, https:\/\/drugagimnazija.hr\/wp-content\/uploads\/2025\/10\/WhatsApp-Image-2025-10-27-at-12.27.38.jpeg 900w\" sizes=\"auto, (max-width: 461px) 100vw, 461px\" \/><\/figure>\n","protected":false},"excerpt":{"rendered":"<p>U petak, 10. listopada, na\u0161u je \u0161kolu posjetila gospo\u0111a Lucile Chapiro, novi ata\u0161e za jezi\u010dnu i obrazovnu suradnju pri Francuskom [&hellip;]<\/p>\n","protected":false},"author":1,"featured_media":12413,"comment_status":"closed","ping_status":"open","sticky":false,"template":"","format":"standard","meta":{"cybocfi_hide_featured_image":"","footnotes":""},"categories":[105,2,1],"tags":[],"class_list":["post-12412","post","type-post","status-publish","format-standard","has-post-thumbnail","hentry","category-francuski","category-novosti","category-uncategorized"],"_links":{"self":[{"href":"https:\/\/drugagimnazija.hr\/index.php?rest_route=\/wp\/v2\/posts\/12412","targetHints":{"allow":["GET"]}}],"collection":[{"href":"https:\/\/drugagimnazija.hr\/index.php?rest_route=\/wp\/v2\/posts"}],"about":[{"href":"https:\/\/drugagimnazija.hr\/index.php?rest_route=\/wp\/v2\/types\/post"}],"author":[{"embeddable":true,"href":"https:\/\/drugagimnazija.hr\/index.php?rest_route=\/wp\/v2\/users\/1"}],"replies":[{"embeddable":true,"href":"https:\/\/drugagimnazija.hr\/index.php?rest_route=%2Fwp%2Fv2%2Fcomments&post=12412"}],"version-history":[{"count":4,"href":"https:\/\/drugagimnazija.hr\/index.php?rest_route=\/wp\/v2\/posts\/12412\/revisions"}],"predecessor-version":[{"id":12419,"href":"https:\/\/drugagimnazija.hr\/index.php?rest_route=\/wp\/v2\/posts\/12412\/revisions\/12419"}],"wp:featuredmedia":[{"embeddable":true,"href":"https:\/\/drugagimnazija.hr\/index.php?rest_route=\/wp\/v2\/media\/12413"}],"wp:attachment":[{"href":"https:\/\/drugagimnazija.hr\/index.php?rest_route=%2Fwp%2Fv2%2Fmedia&parent=12412"}],"wp:term":[{"taxonomy":"category","embeddable":true,"href":"https:\/\/drugagimnazija.hr\/index.php?rest_route=%2Fwp%2Fv2%2Fcategories&post=12412"},{"taxonomy":"post_tag","embeddable":true,"href":"https:\/\/drugagimnazija.hr\/index.php?rest_route=%2Fwp%2Fv2%2Ftags&post=12412"}],"curies":[{"name":"wp","href":"https:\/\/api.w.org\/{rel}","templated":true}]}}