{"id":12355,"date":"2025-10-14T09:33:06","date_gmt":"2025-10-14T07:33:06","guid":{"rendered":"https:\/\/drugagimnazija.hr\/?p=12355"},"modified":"2025-12-01T14:45:27","modified_gmt":"2025-12-01T13:45:27","slug":"javni-poziv-za-organizaciju-visednevne-izvanucionicke-nastave-u-italiju-venecija-murano-burano-trst","status":"publish","type":"post","link":"https:\/\/drugagimnazija.hr\/?p=12355","title":{"rendered":"Javni poziv za organizaciju vi\u0161ednevne izvanu\u010dioni\u010dke nastave u Italiju (Venecija, Murano, Burano, Trst)"},"content":{"rendered":"","protected":false},"excerpt":{"rendered":"","protected":false},"author":1,"featured_media":0,"comment_status":"closed","ping_status":"open","sticky":false,"template":"","format":"standard","meta":{"cybocfi_hide_featured_image":"","footnotes":""},"categories":[3,1],"tags":[],"class_list":["post-12355","post","type-post","status-publish","format-standard","hentry","category-ponude","category-uncategorized"],"_links":{"self":[{"href":"https:\/\/drugagimnazija.hr\/index.php?rest_route=\/wp\/v2\/posts\/12355","targetHints":{"allow":["GET"]}}],"collection":[{"href":"https:\/\/drugagimnazija.hr\/index.php?rest_route=\/wp\/v2\/posts"}],"about":[{"href":"https:\/\/drugagimnazija.hr\/index.php?rest_route=\/wp\/v2\/types\/post"}],"author":[{"embeddable":true,"href":"https:\/\/drugagimnazija.hr\/index.php?rest_route=\/wp\/v2\/users\/1"}],"replies":[{"embeddable":true,"href":"https:\/\/drugagimnazija.hr\/index.php?rest_route=%2Fwp%2Fv2%2Fcomments&post=12355"}],"version-history":[{"count":5,"href":"https:\/\/drugagimnazija.hr\/index.php?rest_route=\/wp\/v2\/posts\/12355\/revisions"}],"predecessor-version":[{"id":12569,"href":"https:\/\/drugagimnazija.hr\/index.php?rest_route=\/wp\/v2\/posts\/12355\/revisions\/12569"}],"wp:attachment":[{"href":"https:\/\/drugagimnazija.hr\/index.php?rest_route=%2Fwp%2Fv2%2Fmedia&parent=12355"}],"wp:term":[{"taxonomy":"category","embeddable":true,"href":"https:\/\/drugagimnazija.hr\/index.php?rest_route=%2Fwp%2Fv2%2Fcategories&post=12355"},{"taxonomy":"post_tag","embeddable":true,"href":"https:\/\/drugagimnazija.hr\/index.php?rest_route=%2Fwp%2Fv2%2Ftags&post=12355"}],"curies":[{"name":"wp","href":"https:\/\/api.w.org\/{rel}","templated":true}]}}