{"id":12337,"date":"2025-10-12T06:26:54","date_gmt":"2025-10-12T04:26:54","guid":{"rendered":"https:\/\/drugagimnazija.hr\/?p=12337"},"modified":"2025-10-13T10:20:59","modified_gmt":"2025-10-13T08:20:59","slug":"dan-drzavnosti-spanjolske","status":"publish","type":"post","link":"https:\/\/drugagimnazija.hr\/?p=12337","title":{"rendered":"Dan dr\u017eavnosti \u0160panjolske"},"content":{"rendered":"\n<p>Danas slavimo dan dr\u017eavnosti \u0160panjolske, a u nastavku mo\u017eete pogledati projekt na\u0161ih u\u010denika i profesorice Fani Mar\u0111oki\u0107 kojim su obilje\u017eili dana\u0161nju <em>fiestu<\/em>. \ud83d\udc83<\/p>\n\n\n\n<p>U\u010denici su pro\u0161le \u0161kolske godine u sklopu projekta istra\u017eivali pojedinosti grada Madrida te predstavili kulturu, znamenitosti, gastronomiju itd. uz interaktivne elemente. <\/p>\n\n\n\n<figure class=\"wp-block-video\"><video height=\"1122\" style=\"aspect-ratio: 792 \/ 1122;\" width=\"792\" controls src=\"https:\/\/drugagimnazija.hr\/wp-content\/uploads\/2025\/10\/Proyecto-Madrid-2025.mp4\"><\/video><\/figure>\n","protected":false},"excerpt":{"rendered":"<p>Danas slavimo dan dr\u017eavnosti \u0160panjolske, a u nastavku mo\u017eete pogledati projekt na\u0161ih u\u010denika i profesorice Fani Mar\u0111oki\u0107 kojim su obilje\u017eili [&hellip;]<\/p>\n","protected":false},"author":1,"featured_media":12338,"comment_status":"closed","ping_status":"open","sticky":false,"template":"","format":"standard","meta":{"cybocfi_hide_featured_image":"","footnotes":""},"categories":[2,110,1],"tags":[],"class_list":["post-12337","post","type-post","status-publish","format-standard","has-post-thumbnail","hentry","category-novosti","category-spanjolski","category-uncategorized"],"_links":{"self":[{"href":"https:\/\/drugagimnazija.hr\/index.php?rest_route=\/wp\/v2\/posts\/12337","targetHints":{"allow":["GET"]}}],"collection":[{"href":"https:\/\/drugagimnazija.hr\/index.php?rest_route=\/wp\/v2\/posts"}],"about":[{"href":"https:\/\/drugagimnazija.hr\/index.php?rest_route=\/wp\/v2\/types\/post"}],"author":[{"embeddable":true,"href":"https:\/\/drugagimnazija.hr\/index.php?rest_route=\/wp\/v2\/users\/1"}],"replies":[{"embeddable":true,"href":"https:\/\/drugagimnazija.hr\/index.php?rest_route=%2Fwp%2Fv2%2Fcomments&post=12337"}],"version-history":[{"count":2,"href":"https:\/\/drugagimnazija.hr\/index.php?rest_route=\/wp\/v2\/posts\/12337\/revisions"}],"predecessor-version":[{"id":12341,"href":"https:\/\/drugagimnazija.hr\/index.php?rest_route=\/wp\/v2\/posts\/12337\/revisions\/12341"}],"wp:featuredmedia":[{"embeddable":true,"href":"https:\/\/drugagimnazija.hr\/index.php?rest_route=\/wp\/v2\/media\/12338"}],"wp:attachment":[{"href":"https:\/\/drugagimnazija.hr\/index.php?rest_route=%2Fwp%2Fv2%2Fmedia&parent=12337"}],"wp:term":[{"taxonomy":"category","embeddable":true,"href":"https:\/\/drugagimnazija.hr\/index.php?rest_route=%2Fwp%2Fv2%2Fcategories&post=12337"},{"taxonomy":"post_tag","embeddable":true,"href":"https:\/\/drugagimnazija.hr\/index.php?rest_route=%2Fwp%2Fv2%2Ftags&post=12337"}],"curies":[{"name":"wp","href":"https:\/\/api.w.org\/{rel}","templated":true}]}}