{"id":12322,"date":"2025-10-09T13:33:53","date_gmt":"2025-10-09T11:33:53","guid":{"rendered":"https:\/\/drugagimnazija.hr\/?p=12322"},"modified":"2025-10-10T15:53:05","modified_gmt":"2025-10-10T13:53:05","slug":"citanje-u-fokusu-sastanak-s-carmien-michels","status":"publish","type":"post","link":"https:\/\/drugagimnazija.hr\/?p=12322","title":{"rendered":"\u010citanje u fokusu &#8211; sastanak s Carmien Michels"},"content":{"rendered":"\n<p>Na\u0161e su u\u010denice, sudionice projekta \u010citanje u fokusu, danas sudjelovale u razgovoru s autoricom romana &#8221;O\u010devi koji tuguju&#8221;, Carmien Michels.<\/p>\n\n\n\n<p>Ovo je peti ciklus navedenoga projekta koji organiziraju: Naklada Ljevak, Ministarstvo obrazovanja i Agencija za odgoj i obrazovanje.<\/p>\n\n\n\n<p>U sklopu projekta u\u010denici \u010ditaju djela suvremenih inozemnih autora \u010dija su djela nagradili europski srednjo\u0161kolci. <\/p>\n\n\n\n<figure class=\"wp-block-gallery has-nested-images columns-3 is-cropped wp-block-gallery-1 is-layout-flex wp-block-gallery-is-layout-flex\"><\/figure>\n","protected":false},"excerpt":{"rendered":"<p>Na\u0161e su u\u010denice, sudionice projekta \u010citanje u fokusu, danas sudjelovale u razgovoru s autoricom romana &#8221;O\u010devi koji tuguju&#8221;, Carmien Michels. [&hellip;]<\/p>\n","protected":false},"author":1,"featured_media":12323,"comment_status":"closed","ping_status":"open","sticky":false,"template":"","format":"standard","meta":{"cybocfi_hide_featured_image":"","footnotes":""},"categories":[109,2,1],"tags":[],"class_list":["post-12322","post","type-post","status-publish","format-standard","has-post-thumbnail","hentry","category-hrvatski","category-novosti","category-uncategorized"],"_links":{"self":[{"href":"https:\/\/drugagimnazija.hr\/index.php?rest_route=\/wp\/v2\/posts\/12322","targetHints":{"allow":["GET"]}}],"collection":[{"href":"https:\/\/drugagimnazija.hr\/index.php?rest_route=\/wp\/v2\/posts"}],"about":[{"href":"https:\/\/drugagimnazija.hr\/index.php?rest_route=\/wp\/v2\/types\/post"}],"author":[{"embeddable":true,"href":"https:\/\/drugagimnazija.hr\/index.php?rest_route=\/wp\/v2\/users\/1"}],"replies":[{"embeddable":true,"href":"https:\/\/drugagimnazija.hr\/index.php?rest_route=%2Fwp%2Fv2%2Fcomments&post=12322"}],"version-history":[{"count":5,"href":"https:\/\/drugagimnazija.hr\/index.php?rest_route=\/wp\/v2\/posts\/12322\/revisions"}],"predecessor-version":[{"id":12333,"href":"https:\/\/drugagimnazija.hr\/index.php?rest_route=\/wp\/v2\/posts\/12322\/revisions\/12333"}],"wp:featuredmedia":[{"embeddable":true,"href":"https:\/\/drugagimnazija.hr\/index.php?rest_route=\/wp\/v2\/media\/12323"}],"wp:attachment":[{"href":"https:\/\/drugagimnazija.hr\/index.php?rest_route=%2Fwp%2Fv2%2Fmedia&parent=12322"}],"wp:term":[{"taxonomy":"category","embeddable":true,"href":"https:\/\/drugagimnazija.hr\/index.php?rest_route=%2Fwp%2Fv2%2Fcategories&post=12322"},{"taxonomy":"post_tag","embeddable":true,"href":"https:\/\/drugagimnazija.hr\/index.php?rest_route=%2Fwp%2Fv2%2Ftags&post=12322"}],"curies":[{"name":"wp","href":"https:\/\/api.w.org\/{rel}","templated":true}]}}