{"id":12307,"date":"2025-10-08T22:03:23","date_gmt":"2025-10-08T20:03:23","guid":{"rendered":"https:\/\/drugagimnazija.hr\/?p=12307"},"modified":"2026-01-21T08:45:41","modified_gmt":"2026-01-21T07:45:41","slug":"tjedan-zabranjenih-knjiga-2","status":"publish","type":"post","link":"https:\/\/drugagimnazija.hr\/?p=12307","title":{"rendered":"Tjedan zabranjenih knjiga"},"content":{"rendered":"\n<p>Na\u0161a je knji\u017enica i ove godine bila doma\u0107in Tjedna zabranjenih knjiga. \ud83d\udcd6\ud83d\udeab\ud83d\udd25 Razgovarali smo o dru\u0161tvenim i knji\u017eevnim uzrocima tabuizacije, cenzure i zabrane knjiga koje danas smatramo klasicima. <\/p>\n\n\n\n<p>U\u010denice 1. A razreda (Tonka Boellaard, Mare Vitli\u0107, Lucija Do\u0161en, Ana \u0106urkovi\u0107, Ema Orlandini i An\u0111ela \u010cule) govorile su o pre\u0161u\u0107ivanom podtekstu bajke \u201eTrnoru\u017eica\u201c, nau\u010dili smo kako se stvara distopijski svijet u \u201eIgrama gladi\u201c kroz prezentaciju Grete Babi\u0107, Lane Borne Me\u0161trovi\u0107, Eve Jelavi\u0107-\u0160ako, Nine Nazli\u0107 i Matee Milkovi\u0107 iz 3. E razreda, a njihove razredne kolegice Laura Kova\u010devi\u0107, Ana Lelas i Marija Deli\u0107 sjajno su predstavile kultni roman \u201eLet iznad kukavi\u010djeg gnijezda\u201c i njegov utjecaj na percepciju i lije\u010denje mentalnih bolesti. <\/p>\n\n\n\n<p>Susret su organizirale prof. Magdalena Mr\u010dela i knji\u017eni\u010darka Silvija Bebek. \ud83d\udcda<\/p>\n\n\n\n<p>Kako se dobar glas daleko \u010duje, 9. listopada nas \u010deka Tjedan zabranjenih knjiga otvoren za javnost \u2013 pozivamo vas da nas podr\u017eite u Hrvatskom domu Split (Glazbeni salon Jakova Gotovca) u 19:30, kad \u0107emo govoriti o bajkama u prostoru zabranjenog. <\/p>\n\n\n\n<p><\/p>\n","protected":false},"excerpt":{"rendered":"<p>Na\u0161a je knji\u017enica i ove godine bila doma\u0107in Tjedna zabranjenih knjiga. \ud83d\udcd6\ud83d\udeab\ud83d\udd25 Razgovarali smo o dru\u0161tvenim i knji\u017eevnim uzrocima tabuizacije, [&hellip;]<\/p>\n","protected":false},"author":1,"featured_media":12308,"comment_status":"closed","ping_status":"open","sticky":false,"template":"","format":"standard","meta":{"cybocfi_hide_featured_image":"","footnotes":""},"categories":[109,2,100,1],"tags":[],"class_list":["post-12307","post","type-post","status-publish","format-standard","has-post-thumbnail","hentry","category-hrvatski","category-novosti","category-projekti-u-knjiznici","category-uncategorized"],"_links":{"self":[{"href":"https:\/\/drugagimnazija.hr\/index.php?rest_route=\/wp\/v2\/posts\/12307","targetHints":{"allow":["GET"]}}],"collection":[{"href":"https:\/\/drugagimnazija.hr\/index.php?rest_route=\/wp\/v2\/posts"}],"about":[{"href":"https:\/\/drugagimnazija.hr\/index.php?rest_route=\/wp\/v2\/types\/post"}],"author":[{"embeddable":true,"href":"https:\/\/drugagimnazija.hr\/index.php?rest_route=\/wp\/v2\/users\/1"}],"replies":[{"embeddable":true,"href":"https:\/\/drugagimnazija.hr\/index.php?rest_route=%2Fwp%2Fv2%2Fcomments&post=12307"}],"version-history":[{"count":5,"href":"https:\/\/drugagimnazija.hr\/index.php?rest_route=\/wp\/v2\/posts\/12307\/revisions"}],"predecessor-version":[{"id":12765,"href":"https:\/\/drugagimnazija.hr\/index.php?rest_route=\/wp\/v2\/posts\/12307\/revisions\/12765"}],"wp:featuredmedia":[{"embeddable":true,"href":"https:\/\/drugagimnazija.hr\/index.php?rest_route=\/wp\/v2\/media\/12308"}],"wp:attachment":[{"href":"https:\/\/drugagimnazija.hr\/index.php?rest_route=%2Fwp%2Fv2%2Fmedia&parent=12307"}],"wp:term":[{"taxonomy":"category","embeddable":true,"href":"https:\/\/drugagimnazija.hr\/index.php?rest_route=%2Fwp%2Fv2%2Fcategories&post=12307"},{"taxonomy":"post_tag","embeddable":true,"href":"https:\/\/drugagimnazija.hr\/index.php?rest_route=%2Fwp%2Fv2%2Ftags&post=12307"}],"curies":[{"name":"wp","href":"https:\/\/api.w.org\/{rel}","templated":true}]}}