{"id":12202,"date":"2025-09-02T11:55:06","date_gmt":"2025-09-02T09:55:06","guid":{"rendered":"https:\/\/drugagimnazija.hr\/?p=12202"},"modified":"2025-09-30T12:41:33","modified_gmt":"2025-09-30T10:41:33","slug":"obavijest-o-pocetku-nastave-u-nastavnoj-godini-2025-2026","status":"publish","type":"post","link":"https:\/\/drugagimnazija.hr\/?p=12202","title":{"rendered":"OBAVIJEST O PO\u010cETKU NASTAVE U NASTAVNOJ GODINI 2025.\/2026."},"content":{"rendered":"\n<p>Dragi u\u010denici i roditelji,<\/p>\n\n\n\n<p>dana <strong>8. rujna 2025. (ponedjeljak) u 14 sati<\/strong> zapo\u010dinje redovita nastava u \u0161kolskoj godini 2025.\/2026.\u00a0Prvi je tjedan nastava u poslijepodnevnoj smjeni. \u017delimo (nam) svima uspje\u0161nu novu nastavnu godinu i radujemo se susretu!<\/p>\n","protected":false},"excerpt":{"rendered":"<p>Dragi u\u010denici i roditelji, dana 8. rujna 2025. (ponedjeljak) u 14 sati zapo\u010dinje redovita nastava u \u0161kolskoj godini 2025.\/2026.\u00a0Prvi je [&hellip;]<\/p>\n","protected":false},"author":1,"featured_media":12203,"comment_status":"closed","ping_status":"open","sticky":false,"template":"","format":"standard","meta":{"cybocfi_hide_featured_image":"","footnotes":""},"categories":[1],"tags":[],"class_list":["post-12202","post","type-post","status-publish","format-standard","has-post-thumbnail","hentry","category-uncategorized"],"_links":{"self":[{"href":"https:\/\/drugagimnazija.hr\/index.php?rest_route=\/wp\/v2\/posts\/12202","targetHints":{"allow":["GET"]}}],"collection":[{"href":"https:\/\/drugagimnazija.hr\/index.php?rest_route=\/wp\/v2\/posts"}],"about":[{"href":"https:\/\/drugagimnazija.hr\/index.php?rest_route=\/wp\/v2\/types\/post"}],"author":[{"embeddable":true,"href":"https:\/\/drugagimnazija.hr\/index.php?rest_route=\/wp\/v2\/users\/1"}],"replies":[{"embeddable":true,"href":"https:\/\/drugagimnazija.hr\/index.php?rest_route=%2Fwp%2Fv2%2Fcomments&post=12202"}],"version-history":[{"count":3,"href":"https:\/\/drugagimnazija.hr\/index.php?rest_route=\/wp\/v2\/posts\/12202\/revisions"}],"predecessor-version":[{"id":12252,"href":"https:\/\/drugagimnazija.hr\/index.php?rest_route=\/wp\/v2\/posts\/12202\/revisions\/12252"}],"wp:featuredmedia":[{"embeddable":true,"href":"https:\/\/drugagimnazija.hr\/index.php?rest_route=\/wp\/v2\/media\/12203"}],"wp:attachment":[{"href":"https:\/\/drugagimnazija.hr\/index.php?rest_route=%2Fwp%2Fv2%2Fmedia&parent=12202"}],"wp:term":[{"taxonomy":"category","embeddable":true,"href":"https:\/\/drugagimnazija.hr\/index.php?rest_route=%2Fwp%2Fv2%2Fcategories&post=12202"},{"taxonomy":"post_tag","embeddable":true,"href":"https:\/\/drugagimnazija.hr\/index.php?rest_route=%2Fwp%2Fv2%2Ftags&post=12202"}],"curies":[{"name":"wp","href":"https:\/\/api.w.org\/{rel}","templated":true}]}}