{"id":12177,"date":"2025-08-19T15:37:02","date_gmt":"2025-08-19T13:37:02","guid":{"rendered":"https:\/\/drugagimnazija.hr\/?p=12177"},"modified":"2025-10-01T12:50:54","modified_gmt":"2025-10-01T10:50:54","slug":"obavijest-roditeljima-ucenika-srednjih-skola-u-gradu-splitu-i-na-podrucju-sd-zupanije-o-nabavi-udzbenika-za-2025-2026","status":"publish","type":"post","link":"https:\/\/drugagimnazija.hr\/?p=12177","title":{"rendered":"Obavijest roditeljima u\u010denika srednjih \u0161kola u Gradu Splitu i na podru\u010dju Splitsko-dalmatinske \u017eupanije o nabavi ud\u017ebenika za 2025.\/2026."},"content":{"rendered":"\n<p>U novoj \u0161kolskoj godini Splitsko-dalmatinska \u017eupanija i Grad Split sufinancirat \u0107e roditeljima nabavu ud\u017ebenika za sve u\u010denike srednjih \u0161kola\u00a0<strong>u Gradu Splitu i na podru\u010dju cijele Splitsko-dalmatinske \u017eupanije<\/strong>. Kroz 1. polugodi\u0161te roditeljima \u0107e biti refundirani tro\u0161kovi\u00a0 nabavke ud\u017ebenika u protuvrijednosti od 200 eura.\u00a0 O provedbi i\u00a0 na\u010dinu isplate roditelji\u00a0 i u\u010denici \u0107e biti informirani po\u010detkom \u0161kolske godine u \u0161koli.\u00a0 Zavr\u0161etkom nastavne godine u\u010denici \u0107e biti u obvezi razdu\u017eiti ud\u017ebenike u \u0161koli, u protuvrijednosti iznosa kojeg su dobili, dok \u0107e se do po\u010detka idu\u0107e \u0161kolske godine (\u201826.\/27.) izvr\u0161iti dokup ud\u017ebenika. Vi\u0161e informacija prona\u0111ite u obavijesti Splitsko-dalmatinske \u017eupanije <a href=\"https:\/\/www.dalmacija.hr\/aktualno\/novosti\/clanak\/obavijest-roditeljima-ucenika-srednjih-skola-u-splitu-i-sd-zupaniji\" data-type=\"link\" data-id=\"https:\/\/www.dalmacija.hr\/aktualno\/novosti\/clanak\/obavijest-roditeljima-ucenika-srednjih-skola-u-splitu-i-sd-zupaniji\">OVDJE<\/a>.<\/p>\n\n\n\n<p><\/p>\n","protected":false},"excerpt":{"rendered":"<p>U novoj \u0161kolskoj godini Splitsko-dalmatinska \u017eupanija i Grad Split sufinancirat \u0107e roditeljima nabavu ud\u017ebenika za sve u\u010denike srednjih \u0161kola\u00a0u Gradu [&hellip;]<\/p>\n","protected":false},"author":1,"featured_media":12178,"comment_status":"closed","ping_status":"open","sticky":false,"template":"","format":"standard","meta":{"cybocfi_hide_featured_image":"","footnotes":""},"categories":[2],"tags":[],"class_list":["post-12177","post","type-post","status-publish","format-standard","has-post-thumbnail","hentry","category-novosti"],"_links":{"self":[{"href":"https:\/\/drugagimnazija.hr\/index.php?rest_route=\/wp\/v2\/posts\/12177","targetHints":{"allow":["GET"]}}],"collection":[{"href":"https:\/\/drugagimnazija.hr\/index.php?rest_route=\/wp\/v2\/posts"}],"about":[{"href":"https:\/\/drugagimnazija.hr\/index.php?rest_route=\/wp\/v2\/types\/post"}],"author":[{"embeddable":true,"href":"https:\/\/drugagimnazija.hr\/index.php?rest_route=\/wp\/v2\/users\/1"}],"replies":[{"embeddable":true,"href":"https:\/\/drugagimnazija.hr\/index.php?rest_route=%2Fwp%2Fv2%2Fcomments&post=12177"}],"version-history":[{"count":4,"href":"https:\/\/drugagimnazija.hr\/index.php?rest_route=\/wp\/v2\/posts\/12177\/revisions"}],"predecessor-version":[{"id":12268,"href":"https:\/\/drugagimnazija.hr\/index.php?rest_route=\/wp\/v2\/posts\/12177\/revisions\/12268"}],"wp:featuredmedia":[{"embeddable":true,"href":"https:\/\/drugagimnazija.hr\/index.php?rest_route=\/wp\/v2\/media\/12178"}],"wp:attachment":[{"href":"https:\/\/drugagimnazija.hr\/index.php?rest_route=%2Fwp%2Fv2%2Fmedia&parent=12177"}],"wp:term":[{"taxonomy":"category","embeddable":true,"href":"https:\/\/drugagimnazija.hr\/index.php?rest_route=%2Fwp%2Fv2%2Fcategories&post=12177"},{"taxonomy":"post_tag","embeddable":true,"href":"https:\/\/drugagimnazija.hr\/index.php?rest_route=%2Fwp%2Fv2%2Ftags&post=12177"}],"curies":[{"name":"wp","href":"https:\/\/api.w.org\/{rel}","templated":true}]}}