{"id":12084,"date":"2025-07-18T21:54:30","date_gmt":"2025-07-18T19:54:30","guid":{"rendered":"https:\/\/drugagimnazija.hr\/?p=12084"},"modified":"2025-08-10T17:18:44","modified_gmt":"2025-08-10T15:18:44","slug":"financijska-izvjesca-2025","status":"publish","type":"post","link":"https:\/\/drugagimnazija.hr\/?p=12084","title":{"rendered":"Financijska izvje\u0161\u0107a 2025"},"content":{"rendered":"\n<div class=\"wp-block-group\"><div class=\"wp-block-group__inner-container is-layout-constrained wp-block-group-is-layout-constrained\">\n<p><a href=\"file:\/\/\/C:\/Users\/jprib\/Downloads\/11072025121418%20(1).pdf\" class=\"mtli_attachment mtli_pdf\">Javna objava informacija o tro\u0161enju sredstava (11.07.2025.)<\/a><\/p>\n<\/div><\/div>\n\n\n\n<p><a href=\"file:\/\/\/C:\/Users\/jprib\/Downloads\/11072025121940%20(2).pdf\" class=\"mtli_attachment mtli_pdf\">lZVJE\u0160TAJ O IZVR\u0160ENJU PRORA\u010cUNA SD\u017d ZA RAZDOBLJE OD SIJE\u010cNJA &#8211; LIPNJA 2025.G<\/a> (objavljeno 17.07.2025.)<\/p>\n\n\n\n<div class=\"wp-block-file\"><a id=\"wp-block-file--media-2bdbdc34-db2c-4195-8e82-2b9a746370b2\" href=\"https:\/\/drugagimnazija.hr\/wp-content\/uploads\/2025\/07\/Obrasci_financijskih_izvjestaja_v_8.2.0-2.xlsx\">Obrasci_financijskih_izvjestaja_v_8.2.0 (objavljeno 17.07.2025.)<\/a><a href=\"https:\/\/drugagimnazija.hr\/wp-content\/uploads\/2025\/07\/Obrasci_financijskih_izvjestaja_v_8.2.0-2.xlsx\" class=\"wp-block-file__button wp-element-button\" download aria-describedby=\"wp-block-file--media-2bdbdc34-db2c-4195-8e82-2b9a746370b2\">Download<\/a><\/div>\n\n\n\n<div class=\"wp-block-file\"><a id=\"wp-block-file--media-854d0a72-fd59-4484-8698-3e747df56d6a\" href=\"https:\/\/drugagimnazija.hr\/wp-content\/uploads\/2025\/07\/Biljeske-uz-financijske-izvjestaje-razine-31-za-I-VI-2025-1-2.docx\">Bilje\u0161ke uz financijske izvje\u0161taje razine 31 za I &#8211; VI 2025 (objavljeno 17.07.2025.)<\/a><a href=\"https:\/\/drugagimnazija.hr\/wp-content\/uploads\/2025\/07\/Biljeske-uz-financijske-izvjestaje-razine-31-za-I-VI-2025-1-2.docx\" class=\"wp-block-file__button wp-element-button\" download aria-describedby=\"wp-block-file--media-854d0a72-fd59-4484-8698-3e747df56d6a\">Download<\/a><\/div>\n\n\n\n<p><\/p>\n","protected":false},"excerpt":{"rendered":"<p>Javna objava informacija o tro\u0161enju sredstava (11.07.2025.) lZVJE\u0160TAJ O IZVR\u0160ENJU PRORA\u010cUNA SD\u017d ZA RAZDOBLJE OD SIJE\u010cNJA &#8211; LIPNJA 2025.G (objavljeno [&hellip;]<\/p>\n","protected":false},"author":1,"featured_media":11964,"comment_status":"closed","ping_status":"open","sticky":false,"template":"","format":"standard","meta":{"cybocfi_hide_featured_image":"","footnotes":""},"categories":[1],"tags":[],"class_list":["post-12084","post","type-post","status-publish","format-standard","has-post-thumbnail","hentry","category-uncategorized"],"_links":{"self":[{"href":"https:\/\/drugagimnazija.hr\/index.php?rest_route=\/wp\/v2\/posts\/12084","targetHints":{"allow":["GET"]}}],"collection":[{"href":"https:\/\/drugagimnazija.hr\/index.php?rest_route=\/wp\/v2\/posts"}],"about":[{"href":"https:\/\/drugagimnazija.hr\/index.php?rest_route=\/wp\/v2\/types\/post"}],"author":[{"embeddable":true,"href":"https:\/\/drugagimnazija.hr\/index.php?rest_route=\/wp\/v2\/users\/1"}],"replies":[{"embeddable":true,"href":"https:\/\/drugagimnazija.hr\/index.php?rest_route=%2Fwp%2Fv2%2Fcomments&post=12084"}],"version-history":[{"count":5,"href":"https:\/\/drugagimnazija.hr\/index.php?rest_route=\/wp\/v2\/posts\/12084\/revisions"}],"predecessor-version":[{"id":12126,"href":"https:\/\/drugagimnazija.hr\/index.php?rest_route=\/wp\/v2\/posts\/12084\/revisions\/12126"}],"wp:featuredmedia":[{"embeddable":true,"href":"https:\/\/drugagimnazija.hr\/index.php?rest_route=\/wp\/v2\/media\/11964"}],"wp:attachment":[{"href":"https:\/\/drugagimnazija.hr\/index.php?rest_route=%2Fwp%2Fv2%2Fmedia&parent=12084"}],"wp:term":[{"taxonomy":"category","embeddable":true,"href":"https:\/\/drugagimnazija.hr\/index.php?rest_route=%2Fwp%2Fv2%2Fcategories&post=12084"},{"taxonomy":"post_tag","embeddable":true,"href":"https:\/\/drugagimnazija.hr\/index.php?rest_route=%2Fwp%2Fv2%2Ftags&post=12084"}],"curies":[{"name":"wp","href":"https:\/\/api.w.org\/{rel}","templated":true}]}}