{"id":12007,"date":"2025-07-08T17:52:25","date_gmt":"2025-07-08T15:52:25","guid":{"rendered":"https:\/\/drugagimnazija.hr\/?p=12007"},"modified":"2025-08-10T17:22:29","modified_gmt":"2025-08-10T15:22:29","slug":"poziv-na-usmeno-testiranje-08-07-2025","status":"publish","type":"post","link":"https:\/\/drugagimnazija.hr\/?p=12007","title":{"rendered":"POZIV NA USMENO TESTIRANJE (08.07.2025.)"},"content":{"rendered":"\n<p>Na temelju \u010dlanka 6. Pravilnika o na\u010dinu i postupku zapo\u0161ljavanja u II GIMNAZIJI-SPLIT, Povjerenstvo za procjenu i vrednovanje kandidata za zapo\u0161ljavanje (u daljnjem tekstu: Povjerenstvo), upu\u0107uje<\/p>\n\n\n\n<div class=\"wp-block-file aligncenter\"><a id=\"wp-block-file--media-7546c64f-b0f1-47ce-a881-9201e03cbb9d\" href=\"https:\/\/drugagimnazija.hr\/wp-content\/uploads\/2025\/07\/Poziv-na-usmeno-testiranje-1.docx\">POZIV NA USMENO TESTIRANJE<\/a><\/div>\n\n\n\n<p>kandidata koji ispunjavaju uvjete iz natje\u010daja i koji su pravodobno dostavili potpunu prijavu (i vlastoru\u010dno potpisanu) sa svim prilozima odnosno ispravama, za radno mjesto:<\/p>\n\n\n\n<p><strong>1. &nbsp;Sprema\u010d\/ica <\/strong>\u2013 1 &nbsp;izvr\u0161itelj\/ica, na neodre\u0111eno puno radno vrijeme za ukupno 40 sati tjedno<\/p>\n\n\n\n<p><strong>USMENO TESTIRANJE &#8211; RAZGOVOR &#8211; odr\u017eat \u0107e se dana <\/strong><strong><em><u>14.07.2025.g. (ponedjeljak), s po\u010detkom u 08:00 sati (prema rasporedu)<\/u><\/em><\/strong><strong>&nbsp;u uredu ravnateljice II GIMNAZIJE &#8211; SPLIT, Nikole Tesle 10, 21000 Split.<\/strong><strong><\/strong><\/p>\n\n\n\n<p><strong>Na testiranje se pozivaju sljede\u0107i kandidati:<\/strong><strong><\/strong><\/p>\n\n\n\n<figure class=\"wp-block-table\"><table class=\"has-fixed-layout\"><tbody><tr><td><strong>Redni broj<\/strong><strong><\/strong><\/td><td><strong>Ime i prezime kandidata:<\/strong><strong><\/strong><strong>&nbsp;<\/strong><\/td><td><strong>Sati:<\/strong><strong><\/strong><\/td><\/tr><tr><td><strong>1.<\/strong><strong><\/strong><\/td><td><strong>D.B.<\/strong><strong><\/strong><\/td><td><strong>08:00<\/strong><strong><\/strong><\/td><\/tr><tr><td><strong>2.<\/strong><strong><\/strong><\/td><td><strong>B.R.<\/strong><\/td><td><strong>08:10<\/strong><strong><\/strong><\/td><\/tr><tr><td><strong>3.<\/strong><strong><\/strong><\/td><td><strong>M.G.<\/strong><strong><\/strong><\/td><td><strong>08:20<\/strong><strong><\/strong><\/td><\/tr><\/tbody><\/table><\/figure>\n\n\n\n<div class=\"wp-block-file aligncenter\"><a id=\"wp-block-file--media-26076d65-074f-4eac-9f71-856145420cd3\" href=\"https:\/\/drugagimnazija.hr\/wp-content\/uploads\/2025\/07\/Odluka-o-elementima-vrednovanja-1.docx\">Odluka o elementima vrednovanja kandidata<\/a><\/div>\n","protected":false},"excerpt":{"rendered":"<p>Na temelju \u010dlanka 6. Pravilnika o na\u010dinu i postupku zapo\u0161ljavanja u II GIMNAZIJI-SPLIT, Povjerenstvo za procjenu i vrednovanje kandidata za [&hellip;]<\/p>\n","protected":false},"author":2,"featured_media":11858,"comment_status":"closed","ping_status":"open","sticky":false,"template":"","format":"standard","meta":{"cybocfi_hide_featured_image":"","footnotes":""},"categories":[4],"tags":[],"class_list":["post-12007","post","type-post","status-publish","format-standard","has-post-thumbnail","hentry","category-natjecaji"],"_links":{"self":[{"href":"https:\/\/drugagimnazija.hr\/index.php?rest_route=\/wp\/v2\/posts\/12007","targetHints":{"allow":["GET"]}}],"collection":[{"href":"https:\/\/drugagimnazija.hr\/index.php?rest_route=\/wp\/v2\/posts"}],"about":[{"href":"https:\/\/drugagimnazija.hr\/index.php?rest_route=\/wp\/v2\/types\/post"}],"author":[{"embeddable":true,"href":"https:\/\/drugagimnazija.hr\/index.php?rest_route=\/wp\/v2\/users\/2"}],"replies":[{"embeddable":true,"href":"https:\/\/drugagimnazija.hr\/index.php?rest_route=%2Fwp%2Fv2%2Fcomments&post=12007"}],"version-history":[{"count":5,"href":"https:\/\/drugagimnazija.hr\/index.php?rest_route=\/wp\/v2\/posts\/12007\/revisions"}],"predecessor-version":[{"id":12132,"href":"https:\/\/drugagimnazija.hr\/index.php?rest_route=\/wp\/v2\/posts\/12007\/revisions\/12132"}],"wp:featuredmedia":[{"embeddable":true,"href":"https:\/\/drugagimnazija.hr\/index.php?rest_route=\/wp\/v2\/media\/11858"}],"wp:attachment":[{"href":"https:\/\/drugagimnazija.hr\/index.php?rest_route=%2Fwp%2Fv2%2Fmedia&parent=12007"}],"wp:term":[{"taxonomy":"category","embeddable":true,"href":"https:\/\/drugagimnazija.hr\/index.php?rest_route=%2Fwp%2Fv2%2Fcategories&post=12007"},{"taxonomy":"post_tag","embeddable":true,"href":"https:\/\/drugagimnazija.hr\/index.php?rest_route=%2Fwp%2Fv2%2Ftags&post=12007"}],"curies":[{"name":"wp","href":"https:\/\/api.w.org\/{rel}","templated":true}]}}