{"id":11966,"date":"2025-06-30T19:17:26","date_gmt":"2025-06-30T17:17:26","guid":{"rendered":"https:\/\/drugagimnazija.hr\/?p=11966"},"modified":"2025-08-10T17:23:29","modified_gmt":"2025-08-10T15:23:29","slug":"svecana-podjela-svjedodzbi-drzavne-mature","status":"publish","type":"post","link":"https:\/\/drugagimnazija.hr\/?p=11966","title":{"rendered":"SVE\u010cANA PODJELA SVJEDOD\u017dBI DR\u017dAVNE MATURE"},"content":{"rendered":"\n<p><img decoding=\"async\" class=\"wp-image-11974\" style=\"width: NaNpx;\" src=\"https:\/\/drugagimnazija.hr\/wp-content\/uploads\/2025\/06\/Radno-vrijeme-referade-i-podjela-svjedodzbi-drzavne-mature.pdf\" alt=\"\">Sve\u010dana podjela svjedod\u017ebi Dr\u017eavne mature odr\u017eat \u0107e se u <strong>\u010detvrtak, 17. srpnja 2025. god. u 19 sati<\/strong> u velikoj dvorani na me\u0111ukatu \u0161kole.<\/p>\n\n\n\n<p>Dragi na\u0161i maturanti, \u010destitamo vam na uspje\u0161no polo\u017eenim ispitima Dr\u017eavne mature.<\/p>\n\n\n\n<p>Hrabro naprijed u nove \u017eivotne izbore i uspjehe!<\/p>\n","protected":false},"excerpt":{"rendered":"<p>Sve\u010dana podjela svjedod\u017ebi Dr\u017eavne mature odr\u017eat \u0107e se u \u010detvrtak, 17. srpnja 2025. god. u 19 sati u velikoj dvorani [&hellip;]<\/p>\n","protected":false},"author":2,"featured_media":11963,"comment_status":"closed","ping_status":"open","sticky":false,"template":"","format":"standard","meta":{"cybocfi_hide_featured_image":"","footnotes":""},"categories":[1],"tags":[],"class_list":["post-11966","post","type-post","status-publish","format-standard","has-post-thumbnail","hentry","category-uncategorized"],"_links":{"self":[{"href":"https:\/\/drugagimnazija.hr\/index.php?rest_route=\/wp\/v2\/posts\/11966","targetHints":{"allow":["GET"]}}],"collection":[{"href":"https:\/\/drugagimnazija.hr\/index.php?rest_route=\/wp\/v2\/posts"}],"about":[{"href":"https:\/\/drugagimnazija.hr\/index.php?rest_route=\/wp\/v2\/types\/post"}],"author":[{"embeddable":true,"href":"https:\/\/drugagimnazija.hr\/index.php?rest_route=\/wp\/v2\/users\/2"}],"replies":[{"embeddable":true,"href":"https:\/\/drugagimnazija.hr\/index.php?rest_route=%2Fwp%2Fv2%2Fcomments&post=11966"}],"version-history":[{"count":5,"href":"https:\/\/drugagimnazija.hr\/index.php?rest_route=\/wp\/v2\/posts\/11966\/revisions"}],"predecessor-version":[{"id":12134,"href":"https:\/\/drugagimnazija.hr\/index.php?rest_route=\/wp\/v2\/posts\/11966\/revisions\/12134"}],"wp:featuredmedia":[{"embeddable":true,"href":"https:\/\/drugagimnazija.hr\/index.php?rest_route=\/wp\/v2\/media\/11963"}],"wp:attachment":[{"href":"https:\/\/drugagimnazija.hr\/index.php?rest_route=%2Fwp%2Fv2%2Fmedia&parent=11966"}],"wp:term":[{"taxonomy":"category","embeddable":true,"href":"https:\/\/drugagimnazija.hr\/index.php?rest_route=%2Fwp%2Fv2%2Fcategories&post=11966"},{"taxonomy":"post_tag","embeddable":true,"href":"https:\/\/drugagimnazija.hr\/index.php?rest_route=%2Fwp%2Fv2%2Ftags&post=11966"}],"curies":[{"name":"wp","href":"https:\/\/api.w.org\/{rel}","templated":true}]}}