{"id":11959,"date":"2025-06-30T19:06:03","date_gmt":"2025-06-30T17:06:03","guid":{"rendered":"https:\/\/drugagimnazija.hr\/?p=11959"},"modified":"2025-09-02T00:39:25","modified_gmt":"2025-09-01T22:39:25","slug":"referada-za-ucenike-rad-sa-strankama","status":"publish","type":"post","link":"https:\/\/drugagimnazija.hr\/?p=11959","title":{"rendered":"REFERADA ZA U\u010cENIKE \u2013 RAD SA STRANKAMA"},"content":{"rendered":"\n<p>Godi\u0161nji odmor administrativnog osoblja zapo\u010dinje 14. srpnja 2025. god., s tim da \u0107e <strong>u\u010deni\u010dka referada<\/strong> <strong>raditi u \u010detvrtak 17. srpnja u vremenu od 17:00 do 20:30 te 18. srpnja u vremenu od 08:00 do 13:00 sati.<\/strong><\/p>\n\n\n\n<p>U slu\u010daju da vam je tijekom godi\u0161njeg odmora potrebna potvrda o statusu redovitog u\u010denika, mo\u017eete ju preuzeti iz e-Dnevnika za u\u010denike i roditelje.<\/p>\n\n\n\n<p>Generirana potvrda je u PDF formatu, sadr\u017eava elektroni\u010dki pe\u010dat i nakon \u0161to je u\u010denik ili roditelj preuzme na ra\u010dunalo ili mobilni ure\u0111aj, mogu je slati elektroni\u010dkom po\u0161tom ili ispisati, ovisno o potrebama.<\/p>\n\n\n\n<p>U\u010deni\u010dka referada ponovno zapo\u010dinje s radom u petak, 29. kolovoza 2025.<\/p>\n\n\n\n<p><br><strong>VA\u017dNA NAPOMENA ZA MATURANTE<\/strong><br>Prijave za studentske domove \u2013 POPUNJEN OBRAZAC o prosjeku ocjena mo\u017eete donijeti na ovjeru u gore navedeno radno vrijeme.<\/p>\n\n\n\n<p>Cijeli dokument pogledajte <\/p>\n\n\n\n<div class=\"wp-block-file\"><a id=\"wp-block-file--media-c64ad020-9f54-4e0b-886d-d0c31e6fc506\" href=\"https:\/\/drugagimnazija.hr\/wp-content\/uploads\/2025\/06\/REFERADA-ZA-UCENIKE-i-podjela-svjedodzbi-dm-30.6.-objavit-3.docx\">OVDJE<\/a><a href=\"https:\/\/drugagimnazija.hr\/wp-content\/uploads\/2025\/06\/REFERADA-ZA-UCENIKE-i-podjela-svjedodzbi-dm-30.6.-objavit-3.docx\" class=\"wp-block-file__button wp-element-button\" download aria-describedby=\"wp-block-file--media-c64ad020-9f54-4e0b-886d-d0c31e6fc506\">Preuzmi<\/a><\/div>\n\n\n\n<p><\/p>\n","protected":false},"excerpt":{"rendered":"<p>Godi\u0161nji odmor administrativnog osoblja zapo\u010dinje 14. srpnja 2025. god., s tim da \u0107e u\u010deni\u010dka referada raditi u \u010detvrtak 17. srpnja [&hellip;]<\/p>\n","protected":false},"author":2,"featured_media":11964,"comment_status":"closed","ping_status":"open","sticky":false,"template":"","format":"standard","meta":{"cybocfi_hide_featured_image":"","footnotes":""},"categories":[1],"tags":[],"class_list":["post-11959","post","type-post","status-publish","format-standard","has-post-thumbnail","hentry","category-uncategorized"],"_links":{"self":[{"href":"https:\/\/drugagimnazija.hr\/index.php?rest_route=\/wp\/v2\/posts\/11959","targetHints":{"allow":["GET"]}}],"collection":[{"href":"https:\/\/drugagimnazija.hr\/index.php?rest_route=\/wp\/v2\/posts"}],"about":[{"href":"https:\/\/drugagimnazija.hr\/index.php?rest_route=\/wp\/v2\/types\/post"}],"author":[{"embeddable":true,"href":"https:\/\/drugagimnazija.hr\/index.php?rest_route=\/wp\/v2\/users\/2"}],"replies":[{"embeddable":true,"href":"https:\/\/drugagimnazija.hr\/index.php?rest_route=%2Fwp%2Fv2%2Fcomments&post=11959"}],"version-history":[{"count":5,"href":"https:\/\/drugagimnazija.hr\/index.php?rest_route=\/wp\/v2\/posts\/11959\/revisions"}],"predecessor-version":[{"id":12201,"href":"https:\/\/drugagimnazija.hr\/index.php?rest_route=\/wp\/v2\/posts\/11959\/revisions\/12201"}],"wp:featuredmedia":[{"embeddable":true,"href":"https:\/\/drugagimnazija.hr\/index.php?rest_route=\/wp\/v2\/media\/11964"}],"wp:attachment":[{"href":"https:\/\/drugagimnazija.hr\/index.php?rest_route=%2Fwp%2Fv2%2Fmedia&parent=11959"}],"wp:term":[{"taxonomy":"category","embeddable":true,"href":"https:\/\/drugagimnazija.hr\/index.php?rest_route=%2Fwp%2Fv2%2Fcategories&post=11959"},{"taxonomy":"post_tag","embeddable":true,"href":"https:\/\/drugagimnazija.hr\/index.php?rest_route=%2Fwp%2Fv2%2Ftags&post=11959"}],"curies":[{"name":"wp","href":"https:\/\/api.w.org\/{rel}","templated":true}]}}