{"id":11776,"date":"2025-06-13T08:28:17","date_gmt":"2025-06-13T06:28:17","guid":{"rendered":"https:\/\/drugagimnazija.hr\/?p=11776"},"modified":"2025-06-13T08:28:18","modified_gmt":"2025-06-13T06:28:18","slug":"svecanost-za-ucenike-i-mentore-koji-su-sudjelovali-na-drzavnoj-razini-natjecanja","status":"publish","type":"post","link":"https:\/\/drugagimnazija.hr\/?p=11776","title":{"rendered":"Sve\u010danost za u\u010denike i mentore koji su sudjelovali na dr\u017eavnoj razini natjecanja"},"content":{"rendered":"","protected":false},"excerpt":{"rendered":"","protected":false},"author":2,"featured_media":11779,"comment_status":"closed","ping_status":"open","sticky":false,"template":"","format":"standard","meta":{"cybocfi_hide_featured_image":"yes","footnotes":""},"categories":[137,105,109,2],"tags":[],"class_list":["post-11776","post","type-post","status-publish","format-standard","has-post-thumbnail","hentry","category-drugaciji","category-francuski","category-hrvatski","category-novosti"],"_links":{"self":[{"href":"https:\/\/drugagimnazija.hr\/index.php?rest_route=\/wp\/v2\/posts\/11776","targetHints":{"allow":["GET"]}}],"collection":[{"href":"https:\/\/drugagimnazija.hr\/index.php?rest_route=\/wp\/v2\/posts"}],"about":[{"href":"https:\/\/drugagimnazija.hr\/index.php?rest_route=\/wp\/v2\/types\/post"}],"author":[{"embeddable":true,"href":"https:\/\/drugagimnazija.hr\/index.php?rest_route=\/wp\/v2\/users\/2"}],"replies":[{"embeddable":true,"href":"https:\/\/drugagimnazija.hr\/index.php?rest_route=%2Fwp%2Fv2%2Fcomments&post=11776"}],"version-history":[{"count":2,"href":"https:\/\/drugagimnazija.hr\/index.php?rest_route=\/wp\/v2\/posts\/11776\/revisions"}],"predecessor-version":[{"id":11784,"href":"https:\/\/drugagimnazija.hr\/index.php?rest_route=\/wp\/v2\/posts\/11776\/revisions\/11784"}],"wp:featuredmedia":[{"embeddable":true,"href":"https:\/\/drugagimnazija.hr\/index.php?rest_route=\/wp\/v2\/media\/11779"}],"wp:attachment":[{"href":"https:\/\/drugagimnazija.hr\/index.php?rest_route=%2Fwp%2Fv2%2Fmedia&parent=11776"}],"wp:term":[{"taxonomy":"category","embeddable":true,"href":"https:\/\/drugagimnazija.hr\/index.php?rest_route=%2Fwp%2Fv2%2Fcategories&post=11776"},{"taxonomy":"post_tag","embeddable":true,"href":"https:\/\/drugagimnazija.hr\/index.php?rest_route=%2Fwp%2Fv2%2Ftags&post=11776"}],"curies":[{"name":"wp","href":"https:\/\/api.w.org\/{rel}","templated":true}]}}