{"id":11508,"date":"2025-04-18T15:49:01","date_gmt":"2025-04-18T13:49:01","guid":{"rendered":"https:\/\/drugagimnazija.hr\/?p=11508"},"modified":"2025-04-25T17:54:46","modified_gmt":"2025-04-25T15:54:46","slug":"posjet-nasih-ucenica-odsjeku-za-talijanski-jezik-i-knjizevnost-ffst","status":"publish","type":"post","link":"https:\/\/drugagimnazija.hr\/?p=11508","title":{"rendered":"Posjet na\u0161ih u\u010denica Odsjeku za talijanski jezik i knji\u017eevnost (FFST)"},"content":{"rendered":"","protected":false},"excerpt":{"rendered":"","protected":false},"author":2,"featured_media":11511,"comment_status":"closed","ping_status":"open","sticky":false,"template":"","format":"standard","meta":{"cybocfi_hide_featured_image":"yes","footnotes":""},"categories":[2,111],"tags":[],"class_list":["post-11508","post","type-post","status-publish","format-standard","has-post-thumbnail","hentry","category-novosti","category-talijanski"],"_links":{"self":[{"href":"https:\/\/drugagimnazija.hr\/index.php?rest_route=\/wp\/v2\/posts\/11508","targetHints":{"allow":["GET"]}}],"collection":[{"href":"https:\/\/drugagimnazija.hr\/index.php?rest_route=\/wp\/v2\/posts"}],"about":[{"href":"https:\/\/drugagimnazija.hr\/index.php?rest_route=\/wp\/v2\/types\/post"}],"author":[{"embeddable":true,"href":"https:\/\/drugagimnazija.hr\/index.php?rest_route=\/wp\/v2\/users\/2"}],"replies":[{"embeddable":true,"href":"https:\/\/drugagimnazija.hr\/index.php?rest_route=%2Fwp%2Fv2%2Fcomments&post=11508"}],"version-history":[{"count":2,"href":"https:\/\/drugagimnazija.hr\/index.php?rest_route=\/wp\/v2\/posts\/11508\/revisions"}],"predecessor-version":[{"id":11513,"href":"https:\/\/drugagimnazija.hr\/index.php?rest_route=\/wp\/v2\/posts\/11508\/revisions\/11513"}],"wp:featuredmedia":[{"embeddable":true,"href":"https:\/\/drugagimnazija.hr\/index.php?rest_route=\/wp\/v2\/media\/11511"}],"wp:attachment":[{"href":"https:\/\/drugagimnazija.hr\/index.php?rest_route=%2Fwp%2Fv2%2Fmedia&parent=11508"}],"wp:term":[{"taxonomy":"category","embeddable":true,"href":"https:\/\/drugagimnazija.hr\/index.php?rest_route=%2Fwp%2Fv2%2Fcategories&post=11508"},{"taxonomy":"post_tag","embeddable":true,"href":"https:\/\/drugagimnazija.hr\/index.php?rest_route=%2Fwp%2Fv2%2Ftags&post=11508"}],"curies":[{"name":"wp","href":"https:\/\/api.w.org\/{rel}","templated":true}]}}