{"id":10427,"date":"2024-01-23T00:01:25","date_gmt":"2024-01-22T23:01:25","guid":{"rendered":"https:\/\/drugagimnazija.hr\/?p=10427"},"modified":"2024-05-23T02:17:08","modified_gmt":"2024-05-23T01:17:08","slug":"ponuda-1-24","status":"publish","type":"post","link":"https:\/\/drugagimnazija.hr\/?p=10427","title":{"rendered":"Ponuda 1.\/24."},"content":{"rendered":"\n<p><strong>JAVNI POZIV ZA ORGANIZACIJU VI\u0160EDNEVNE IZVANU\u010cIONI\u010cKE NASTAVE<\/strong><\/p>\n\n\n\n<p>Javni poziv za organizaciju vi\u0161ednevne izvanu\u010dioni\u010dke nastave (studijsko putovanje) u Francusku&nbsp;(Italija-\u0160vicarska-Francuska)&nbsp;za u\u010denike&nbsp;1.a&nbsp;i&nbsp;2.a&nbsp;razreda.&nbsp; &nbsp;<\/p>\n\n\n\n<p>Na&nbsp;sastanku odr\u017eanom u ponedjeljak, 12.02.2024.g. u 13.30&nbsp;sati, Povjerenstvo za provedbu javnog poziva (1\/24) za organizaciju vi\u0161ednevne izvanu\u010dioni\u010dke nastave (studijsko putovanje) u Francusku za u\u010denike 1.a i 2.a razreda izabralo je agencije:<\/p>\n\n\n\n<p>1. F-TOURS&nbsp;<\/p>\n\n\n\n<p>2.VU\u010cKOVI\u0106 TRAVEL COLLECTIONS<\/p>\n\n\n\n<p>Roditeljski sastanak odr\u017eat \u0107e se u utorak, 27.02.2024.g. u 18.30 sati u velikoj dvorani na me\u0111ukatu \u0161kole. Ova obavijest ujedno je i poziv odabranim agencijama da predstave svoje ponude u trajanju od 10 minuta.<\/p>\n","protected":false},"excerpt":{"rendered":"<p>JAVNI POZIV ZA ORGANIZACIJU VI\u0160EDNEVNE IZVANU\u010cIONI\u010cKE NASTAVE Javni poziv za organizaciju vi\u0161ednevne izvanu\u010dioni\u010dke nastave (studijsko putovanje) u Francusku&nbsp;(Italija-\u0160vicarska-Francuska)&nbsp;za u\u010denike&nbsp;1.a&nbsp;i&nbsp;2.a&nbsp;razreda.&nbsp; &nbsp; [&hellip;]<\/p>\n","protected":false},"author":1,"featured_media":0,"comment_status":"closed","ping_status":"closed","sticky":false,"template":"","format":"standard","meta":{"cybocfi_hide_featured_image":"","footnotes":""},"categories":[3],"tags":[],"class_list":["post-10427","post","type-post","status-publish","format-standard","hentry","category-ponude"],"_links":{"self":[{"href":"https:\/\/drugagimnazija.hr\/index.php?rest_route=\/wp\/v2\/posts\/10427","targetHints":{"allow":["GET"]}}],"collection":[{"href":"https:\/\/drugagimnazija.hr\/index.php?rest_route=\/wp\/v2\/posts"}],"about":[{"href":"https:\/\/drugagimnazija.hr\/index.php?rest_route=\/wp\/v2\/types\/post"}],"author":[{"embeddable":true,"href":"https:\/\/drugagimnazija.hr\/index.php?rest_route=\/wp\/v2\/users\/1"}],"replies":[{"embeddable":true,"href":"https:\/\/drugagimnazija.hr\/index.php?rest_route=%2Fwp%2Fv2%2Fcomments&post=10427"}],"version-history":[{"count":5,"href":"https:\/\/drugagimnazija.hr\/index.php?rest_route=\/wp\/v2\/posts\/10427\/revisions"}],"predecessor-version":[{"id":10473,"href":"https:\/\/drugagimnazija.hr\/index.php?rest_route=\/wp\/v2\/posts\/10427\/revisions\/10473"}],"wp:attachment":[{"href":"https:\/\/drugagimnazija.hr\/index.php?rest_route=%2Fwp%2Fv2%2Fmedia&parent=10427"}],"wp:term":[{"taxonomy":"category","embeddable":true,"href":"https:\/\/drugagimnazija.hr\/index.php?rest_route=%2Fwp%2Fv2%2Fcategories&post=10427"},{"taxonomy":"post_tag","embeddable":true,"href":"https:\/\/drugagimnazija.hr\/index.php?rest_route=%2Fwp%2Fv2%2Ftags&post=10427"}],"curies":[{"name":"wp","href":"https:\/\/api.w.org\/{rel}","templated":true}]}}