{"id":10124,"date":"2024-04-19T11:25:22","date_gmt":"2024-04-19T10:25:22","guid":{"rendered":"https:\/\/drugagimnazija.hr\/?p=10124"},"modified":"2024-04-19T11:26:11","modified_gmt":"2024-04-19T10:26:11","slug":"tezina-ljepote","status":"publish","type":"post","link":"https:\/\/drugagimnazija.hr\/?p=10124","title":{"rendered":"Te\u017eina ljepote"},"content":{"rendered":"\n<p>Pozivamo sve u\u010denike i profesore na susret s logoterapeutkinjom i spisateljicom Nedom Vukovi\u0107. Vi\u0161e info u prilogu.<\/p>\n","protected":false},"excerpt":{"rendered":"<p>Pozivamo sve u\u010denike i profesore na susret s logoterapeutkinjom i spisateljicom Nedom Vukovi\u0107. Vi\u0161e info u prilogu.<\/p>\n","protected":false},"author":2,"featured_media":10121,"comment_status":"closed","ping_status":"open","sticky":false,"template":"","format":"standard","meta":{"cybocfi_hide_featured_image":"yes","footnotes":""},"categories":[109,2],"tags":[],"class_list":["post-10124","post","type-post","status-publish","format-standard","has-post-thumbnail","hentry","category-hrvatski","category-novosti"],"_links":{"self":[{"href":"https:\/\/drugagimnazija.hr\/index.php?rest_route=\/wp\/v2\/posts\/10124","targetHints":{"allow":["GET"]}}],"collection":[{"href":"https:\/\/drugagimnazija.hr\/index.php?rest_route=\/wp\/v2\/posts"}],"about":[{"href":"https:\/\/drugagimnazija.hr\/index.php?rest_route=\/wp\/v2\/types\/post"}],"author":[{"embeddable":true,"href":"https:\/\/drugagimnazija.hr\/index.php?rest_route=\/wp\/v2\/users\/2"}],"replies":[{"embeddable":true,"href":"https:\/\/drugagimnazija.hr\/index.php?rest_route=%2Fwp%2Fv2%2Fcomments&post=10124"}],"version-history":[{"count":4,"href":"https:\/\/drugagimnazija.hr\/index.php?rest_route=\/wp\/v2\/posts\/10124\/revisions"}],"predecessor-version":[{"id":10128,"href":"https:\/\/drugagimnazija.hr\/index.php?rest_route=\/wp\/v2\/posts\/10124\/revisions\/10128"}],"wp:featuredmedia":[{"embeddable":true,"href":"https:\/\/drugagimnazija.hr\/index.php?rest_route=\/wp\/v2\/media\/10121"}],"wp:attachment":[{"href":"https:\/\/drugagimnazija.hr\/index.php?rest_route=%2Fwp%2Fv2%2Fmedia&parent=10124"}],"wp:term":[{"taxonomy":"category","embeddable":true,"href":"https:\/\/drugagimnazija.hr\/index.php?rest_route=%2Fwp%2Fv2%2Fcategories&post=10124"},{"taxonomy":"post_tag","embeddable":true,"href":"https:\/\/drugagimnazija.hr\/index.php?rest_route=%2Fwp%2Fv2%2Ftags&post=10124"}],"curies":[{"name":"wp","href":"https:\/\/api.w.org\/{rel}","templated":true}]}}